{"id":7506,"date":"2023-12-05T19:22:53","date_gmt":"2023-12-05T16:22:53","guid":{"rendered":"https:\/\/www.afsta.org\/congress\/?p=7506"},"modified":"2024-12-30T10:56:56","modified_gmt":"2024-12-30T07:56:56","slug":"elementor-7506","status":"publish","type":"post","link":"https:\/\/www.afsta.org\/congress\/language\/fr\/2023\/12\/05\/elementor-7506\/","title":{"rendered":"Message du pr\u00e9sident de l&#8217;AFSTA"},"content":{"rendered":"\t\t<div data-elementor-type=\"wp-post\" data-elementor-id=\"7506\" class=\"elementor elementor-7506\">\n\t\t\t\t<div class=\"elementor-element elementor-element-29f0e4c e-flex e-con-boxed e-con e-parent\" data-id=\"29f0e4c\" data-element_type=\"container\" data-settings=\"{&quot;ekit_has_onepagescroll_dot&quot;:&quot;yes&quot;}\">\n\t\t\t\t\t<div class=\"e-con-inner\">\n\t\t\t\t<div class=\"elementor-element elementor-element-90937a8 elementor-widget elementor-widget-image\" data-id=\"90937a8\" data-element_type=\"widget\" data-settings=\"{&quot;ekit_we_effect_on&quot;:&quot;none&quot;}\" data-widget_type=\"image.default\">\n\t\t\t\t<div class=\"elementor-widget-container\">\n\t\t\t<style>\/*! elementor - v3.23.0 - 05-08-2024 *\/\n.elementor-widget-image{text-align:center}.elementor-widget-image a{display:inline-block}.elementor-widget-image a img[src$=\".svg\"]{width:48px}.elementor-widget-image img{vertical-align:middle;display:inline-block}<\/style>\t\t\t\t\t\t\t<figure class=\"wp-caption\">\n\t\t\t\t\t\t\t\t\t\t<img decoding=\"async\" src=\"https:\/\/www.afsta.org\/congress\/wp-content\/uploads\/elementor\/thumbs\/Amadou-Photo-scaled-qz9e5rk57sz9bpszw0s9oiqr4ncq4fn325tly9na1s.jpg\" title=\"Amadou Photo\" alt=\"Amadou Photo\" loading=\"lazy\" \/>\t\t\t\t\t\t\t\t\t\t\t<figcaption class=\"widget-image-caption wp-caption-text\">M. Amadou Sarr, AFSTA President<\/figcaption>\n\t\t\t\t\t\t\t\t\t\t<\/figure>\n\t\t\t\t\t\t\t<\/div>\n\t\t\t\t<\/div>\n\t\t\t\t<div class=\"elementor-element elementor-element-46b91418 elementor-widget elementor-widget-text-editor\" data-id=\"46b91418\" data-element_type=\"widget\" data-settings=\"{&quot;ekit_we_effect_on&quot;:&quot;none&quot;}\" data-widget_type=\"text-editor.default\">\n\t\t\t\t<div class=\"elementor-widget-container\">\n\t\t\t<style>\/*! elementor - v3.23.0 - 05-08-2024 *\/\n.elementor-widget-text-editor.elementor-drop-cap-view-stacked .elementor-drop-cap{background-color:#69727d;color:#fff}.elementor-widget-text-editor.elementor-drop-cap-view-framed .elementor-drop-cap{color:#69727d;border:3px solid;background-color:transparent}.elementor-widget-text-editor:not(.elementor-drop-cap-view-default) .elementor-drop-cap{margin-top:8px}.elementor-widget-text-editor:not(.elementor-drop-cap-view-default) .elementor-drop-cap-letter{width:1em;height:1em}.elementor-widget-text-editor .elementor-drop-cap{float:left;text-align:center;line-height:1;font-size:50px}.elementor-widget-text-editor .elementor-drop-cap-letter{display:inline-block}<\/style>\t\t\t\t<p><!-- wp:paragraph --><\/p>\n<p><strong>Message du pr\u00e9sident de l&#8217;AFSTA \u2013 M. Amadou Sarr<\/strong><\/p>\n<p>Au nom du Conseil d&#8217;Administration et du Secr\u00e9tariat, j&#8217;ai le plaisir de vous accueillir au 25<sup>e<\/sup>\u00a0Congr\u00e8s Annuel de l&#8217;AFSTA. Ce Congr\u00e8s sp\u00e9cial qui celebrera le 25eme Anniversaire de l\u2019AFSTA se tiendra au Rwanda dans la magnifique ville aux collines, Kigali.\u00a0<\/p>\n<p>Le congr\u00e8s est une plateforme qui permet aux professionnels des semences, venus de toute l&#8217;Afrique et d&#8217;ailleurs, de faire du r\u00e9seautage et d&#8217;\u00e9changer des id\u00e9es sur les implications des situations actuelles et de l&#8217;avenir de la production et du commerce et de semences en Afrique.<\/p>\n<p>Les congr\u00e8s annuels de l&#8217;AFSTA offrent de grandes opportunit\u00e9s aux acteurs de l&#8217;industrie des semences de se rencontrer, d\u2019\u00e9changer, de nouer des partenariats commerciaux et \u00e9galement s&#8217;informer des derni\u00e8res \u00e9volutions politiques susceptibles d&#8217;impacter les activit\u00e9s commerciales dans le secteur des semences en Afrique.<\/p>\n<p>Nous croyons que lorsque des professionnels se rencontrent dans de tels forums en pr\u00e9sentiel, ils peuvent partager leurs exp\u00e9riences, projeter des perspectives et influencer l&#8217;avenir du secteur des semences.<\/p>\n<p>Au cours de ce congr\u00e8s, nous discuterons, entre autres, de l&#8217;\u00e9tat de mise en \u0153uvre des politiques et r\u00e9glementations harmonis\u00e9es sur le commerce des semences par les \u00c9tats membres, ainsi que de l&#8217;Accord de libre-\u00e9change continental africain et de son impact potentiel sur l&#8217;industrie des semences. Nous le ferons parce que l&#8217;AFSTA reste engag\u00e9e dans son plaidoyer pour l&#8217;am\u00e9lioration du commerce des semences en Afrique, un mandat cl\u00e9 de l&#8217;association.<\/p>\n<p>Nous sommes fiers que nos congr\u00e8s attirent plusieurs d\u00e9l\u00e9gu\u00e9s de haut niveau, venus d&#8217;Afrique et du monde entier. Le Congr\u00e8s de 2025 sera une autre occasion exceptionnelle de promouvoir des produits et technologies de haute qualit\u00e9.<\/p>\n<p>Nous saisissons cette tribune pour vous inviter \u00e0 devenir un sponsor du Congr\u00e8s et \u00e0 pr\u00e9senter vos produits et services en r\u00e9servant un stand d&#8217;exposition, et \u00e9galement \u00e0 faire de la publicit\u00e9 dans le\u00a0<em>Magazine Africain des Semences<\/em>. En outre, des tables de n\u00e9gociation r\u00e9serv\u00e9es seront disponibles pour les d\u00e9l\u00e9gu\u00e9s afin de faciliter les \u00e9changes commerciaux. Aussi, pour la visibilit\u00e9 de votre entreprises et de vos produits, nous vous offrons des encarts publicitaires payants sur la page d&#8217;accueil du site internet de l&#8217;AFSTA :\u00a0<a href=\"http:\/\/www.afsta.org\/\">www.afsta.org<\/a>.<\/p>\n<p>\u00a0<\/p>\n<p>Outre les discussions sur les questions semenci\u00e8res, le Rwanda m\u00e9rite une place sur la liste des voyageurs. Ses sites touristiques, sa richesse culturelle, ses villes color\u00e9es et sa r\u00e9putation d&#8217;hospitalit\u00e9 de classe mondiale font du pays un sanctuaire tentant. Situ\u00e9 au coeur de l\u2019Afrique de l\u2019Est, le Rwanda est connu comme \u00ab le pays des 1000 collines \u00bb et accueille depuis des si\u00e8cles les voyageurs d&#8217;Europe, Asie et des Am\u00e9riques.<\/p>\n<p>Kigali n&#8217;est pas seulement l&#8217;une des villes les plus accessibles du continent, mais c&#8217;est aussi une ville b\u00e9nie d&#8217;une culture riche, de magnifiques sites\u00a0 touristiques, et qui permet d&#8217;acc\u00e9der facilement \u00e0 certaines des meilleures opportunit\u00e9s d&#8217;observation de la faune sauvage en Afrique.<\/p>\n<p>Bienvenue \u00e0 Kigali ! Bienvenue au Congr\u00e8s Annuel de l&#8217;AFSTA 2025 et profitez de la c\u00e9l\u00e9bration du 25\u00e8me Anniversaire de l\u2019AFSTA et de l&#8217;hospitalit\u00e9 du Rwanda. Que ce congr\u00e8s soit fructueux pour chacun de vous et que tous ses aspects soient une source de bonheur et de b\u00e9n\u00e9fices pour vous et vos organizations.<\/p>\n<p><!-- \/wp:paragraph --><\/p>\t\t\t\t\t\t<\/div>\n\t\t\t\t<\/div>\n\t\t\t\t\t<\/div>\n\t\t\t\t<\/div>\n\t\t\t\t<\/div>\n\t\t","protected":false},"excerpt":{"rendered":"<p>M. Amadou Sarr, AFSTA President Message du pr\u00e9sident de l&#8217;AFSTA \u2013 M. Amadou Sarr Au nom du Conseil d&#8217;Administration et du Secr\u00e9tariat, j&#8217;ai le plaisir de vous accueillir au 25e\u00a0Congr\u00e8s Annuel de l&#8217;AFSTA. Ce Congr\u00e8s sp\u00e9cial qui celebrera le 25eme Anniversaire de l\u2019AFSTA se tiendra au Rwanda dans la magnifique ville aux collines, Kigali.\u00a0 Le [&hellip;]<\/p>\n","protected":false},"author":2,"featured_media":0,"comment_status":"open","ping_status":"open","sticky":false,"template":"","format":"standard","meta":{"postBodyMargin":[],"postBodyPadding":[],"postBodyBackground":{"backgroundType":"classic","gradient":""},"footnotes":""},"categories":[66],"tags":[],"class_list":["post-7506","post","type-post","status-publish","format-standard","hentry","category-uncategorized-fr"],"_links":{"self":[{"href":"https:\/\/www.afsta.org\/congress\/wp-json\/wp\/v2\/posts\/7506","targetHints":{"allow":["GET"]}}],"collection":[{"href":"https:\/\/www.afsta.org\/congress\/wp-json\/wp\/v2\/posts"}],"about":[{"href":"https:\/\/www.afsta.org\/congress\/wp-json\/wp\/v2\/types\/post"}],"author":[{"embeddable":true,"href":"https:\/\/www.afsta.org\/congress\/wp-json\/wp\/v2\/users\/2"}],"replies":[{"embeddable":true,"href":"https:\/\/www.afsta.org\/congress\/wp-json\/wp\/v2\/comments?post=7506"}],"version-history":[{"count":26,"href":"https:\/\/www.afsta.org\/congress\/wp-json\/wp\/v2\/posts\/7506\/revisions"}],"predecessor-version":[{"id":9794,"href":"https:\/\/www.afsta.org\/congress\/wp-json\/wp\/v2\/posts\/7506\/revisions\/9794"}],"wp:attachment":[{"href":"https:\/\/www.afsta.org\/congress\/wp-json\/wp\/v2\/media?parent=7506"}],"wp:term":[{"taxonomy":"category","embeddable":true,"href":"https:\/\/www.afsta.org\/congress\/wp-json\/wp\/v2\/categories?post=7506"},{"taxonomy":"post_tag","embeddable":true,"href":"https:\/\/www.afsta.org\/congress\/wp-json\/wp\/v2\/tags?post=7506"}],"curies":[{"name":"wp","href":"https:\/\/api.w.org\/{rel}","templated":true}]}}